{"id":1048,"date":"2024-12-28T15:27:04","date_gmt":"2024-12-28T18:27:04","guid":{"rendered":"https:\/\/radioimpacto993.com.ar\/?p=1048"},"modified":"2024-12-28T15:27:04","modified_gmt":"2024-12-28T18:27:04","slug":"nahuel-bustos-vuelve-a-talleres","status":"publish","type":"post","link":"https:\/\/radioimpacto993.com.ar\/index.php\/2024\/12\/28\/nahuel-bustos-vuelve-a-talleres\/","title":{"rendered":"NAHUEL BUSTOS VUELVE A TALLERES"},"content":{"rendered":"<p>Luego de jugar a pr\u00e9stamo en San Lorenzo durante el \u00faltimo semestre, Talleres ejecut\u00f3 la opci\u00f3n de rescisi\u00f3n anticipada y el delantero retorna al Club para integrarse al Plantel Superior Albiazul._<\/p>\n<p>En el conjunto de Boedo, Nahuel disput\u00f3 21 partidos entre Liga Profesional, Copa Argentina y CONMEBOL Libertadores.<\/p>\n<p>De esta manera Nahuel, jugador formado en el Club, tendr\u00e1 una nueva etapa en el conjunto comandado por Alexander Medina junto a quien tuvo un gran rendimiento.<\/p>\n<p>En su primer paso por Talleres, el delantero de 26 a\u00f1os jug\u00f3 39 cotejos y marc\u00f3 15 tantos en total. En el 2020, Nahuel fue transferido al f\u00fatbol europeo tras llegar a un acuerdo al Grupo City.<br \/>\nEn el Girona de Espa\u00f1a, Bustos jug\u00f3 82 partidos, convirti\u00f3 15 y logr\u00f3 el ascenso a la m\u00e1xima categor\u00eda de la Liga Espa\u00f1ola.<\/p>\n<p>En el 2022, Nahuel luego fue transferido a pr\u00e9stamo al Sao Paulo, equipo brasilero con el cual fue subcampe\u00f3n de la Copa Conmebol Sudamericana.<\/p>\n<p>En junio del 2023, realizando una importante inversi\u00f3n, la Instituci\u00f3n adquiri\u00f3 los derechos del atacante, y Nahuel regres\u00f3 a Talleres.<br \/>\nEn esos doce meses, el delantero cordob\u00e9s fue protagonista en 56 partidos marcando 13 goles.<\/p>\n<p>Nahuel Bustos es ADN Albiazul para un Talleres protagonista en las competencias locales y en una nueva participaci\u00f3n en CONMEBOL LIBERTADORES.<\/p>\n<p>Prensa Club Atl\u00e9tico Talleres<\/p>\n<p><a href=\"http:\/\/radioimpacto993.com.ar\/wp-content\/uploads\/2024\/12\/IMG-20241228-WA0000.jpg\" rel=\"attachment wp-att-1049\"><img loading=\"lazy\" decoding=\"async\" src=\"http:\/\/radioimpacto993.com.ar\/wp-content\/uploads\/2024\/12\/IMG-20241228-WA0000.jpg\" alt=\"\" title=\"img-20241228-wa0000-jpg\" width=\"1024\" height=\"1024\" class=\"alignnone size-full wp-image-1049\" \/><\/a><\/p>\n","protected":false},"excerpt":{"rendered":"<p>Luego de jugar a pr\u00e9stamo en San Lorenzo durante el \u00faltimo semestre, Talleres ejecut\u00f3 la opci\u00f3n de rescisi\u00f3n anticipada y el delantero retorna al Club para integrarse al Plantel Superior&hellip;<\/p>\n","protected":false},"author":1,"featured_media":1049,"comment_status":"open","ping_status":"","sticky":false,"template":"","format":"standard","meta":{"_jetpack_memberships_contains_paid_content":false,"footnotes":""},"categories":[1],"tags":[],"class_list":["post-1048","post","type-post","status-publish","format-standard","has-post-thumbnail","hentry","category-sin-categoria"],"jetpack_featured_media_url":"https:\/\/radioimpacto993.com.ar\/wp-content\/uploads\/2024\/12\/IMG-20241228-WA0000.jpg","jetpack_sharing_enabled":true,"_links":{"self":[{"href":"https:\/\/radioimpacto993.com.ar\/index.php\/wp-json\/wp\/v2\/posts\/1048","targetHints":{"allow":["GET"]}}],"collection":[{"href":"https:\/\/radioimpacto993.com.ar\/index.php\/wp-json\/wp\/v2\/posts"}],"about":[{"href":"https:\/\/radioimpacto993.com.ar\/index.php\/wp-json\/wp\/v2\/types\/post"}],"author":[{"embeddable":true,"href":"https:\/\/radioimpacto993.com.ar\/index.php\/wp-json\/wp\/v2\/users\/1"}],"replies":[{"embeddable":true,"href":"https:\/\/radioimpacto993.com.ar\/index.php\/wp-json\/wp\/v2\/comments?post=1048"}],"version-history":[{"count":1,"href":"https:\/\/radioimpacto993.com.ar\/index.php\/wp-json\/wp\/v2\/posts\/1048\/revisions"}],"predecessor-version":[{"id":1050,"href":"https:\/\/radioimpacto993.com.ar\/index.php\/wp-json\/wp\/v2\/posts\/1048\/revisions\/1050"}],"wp:featuredmedia":[{"embeddable":true,"href":"https:\/\/radioimpacto993.com.ar\/index.php\/wp-json\/wp\/v2\/media\/1049"}],"wp:attachment":[{"href":"https:\/\/radioimpacto993.com.ar\/index.php\/wp-json\/wp\/v2\/media?parent=1048"}],"wp:term":[{"taxonomy":"category","embeddable":true,"href":"https:\/\/radioimpacto993.com.ar\/index.php\/wp-json\/wp\/v2\/categories?post=1048"},{"taxonomy":"post_tag","embeddable":true,"href":"https:\/\/radioimpacto993.com.ar\/index.php\/wp-json\/wp\/v2\/tags?post=1048"}],"curies":[{"name":"wp","href":"https:\/\/api.w.org\/{rel}","templated":true}]}}